{"id":21853,"date":"2025-08-04T09:34:12","date_gmt":"2025-08-04T09:34:12","guid":{"rendered":"https:\/\/studiobanana.com\/?p=21853"},"modified":"2025-09-01T12:22:04","modified_gmt":"2025-09-01T12:22:04","slug":"conception-visuelle","status":"publish","type":"post","link":"https:\/\/studiobanana.com\/fr\/journal\/conception-visuelle\/","title":{"rendered":"Conception visuelle"},"content":{"rendered":"<h1><span style=\"font-weight: 400;\">Nous sommes un studio de design qui transforme les id\u00e9es en r\u00e9cits visuels captivants. En combinant strat\u00e9gie de marque, design graphique et communication visuelle, nous cr\u00e9ons des identit\u00e9s distinctives qui r\u00e9sonnent \u00e0 travers les points de contact physiques et digitaux.<\/span><\/h1>\n","protected":false},"excerpt":{"rendered":"<p>Nous sommes un studio de design qui transforme les id\u00e9es en r\u00e9cits visuels captivants. En combinant strat\u00e9gie de marque, design graphique et communication visuelle, nous cr\u00e9ons des identit\u00e9s distinctives qui r\u00e9sonnent \u00e0 travers les points de contact physiques et digitaux.<\/p>\n","protected":false},"author":23,"featured_media":0,"comment_status":"open","ping_status":"open","sticky":false,"template":"","format":"standard","meta":{"mc4wp_mailchimp_campaign":[],"footnotes":""},"categories":[535,1418],"tags":[],"class_list":["post-21853","post","type-post","status-publish","format-standard","hentry","category-projets","category-services"],"acf":[],"yoast_head":"<!-- This site is optimized with the Yoast SEO plugin v26.7 - https:\/\/yoast.com\/wordpress\/plugins\/seo\/ -->\n<title>Conception visuelle | Studio Banana Conception<\/title>\n<meta name=\"description\" content=\"Nous sommes un studio de design qui transforme les id\u00e9es en r\u00e9cits visuels captivants. En combinant strat\u00e9gie de marque, design graphique et communication De l\u2019identit\u00e9 de marque \u00e0 la signal\u00e9tique et aux exp\u00e9riences immersives, nous cr\u00e9ons des syst\u00e8mes de communication visuelle qui connectent personnes, lieux et marques \u00e0 chaque point de contact. Contactez-nous.\" \/>\n<meta name=\"robots\" content=\"index, follow, max-snippet:-1, max-image-preview:large, max-video-preview:-1\" \/>\n<link rel=\"canonical\" href=\"https:\/\/studiobanana.com\/fr\/journal\/conception-visuelle\/\" \/>\n<meta property=\"og:locale\" content=\"fr_FR\" \/>\n<meta property=\"og:type\" content=\"article\" \/>\n<meta property=\"og:title\" content=\"Conception visuelle | Studio Banana Conception\" \/>\n<meta property=\"og:description\" content=\"Nous sommes un studio de design qui transforme les id\u00e9es en r\u00e9cits visuels captivants. En combinant strat\u00e9gie de marque, design graphique et communication De l\u2019identit\u00e9 de marque \u00e0 la signal\u00e9tique et aux exp\u00e9riences immersives, nous cr\u00e9ons des syst\u00e8mes de communication visuelle qui connectent personnes, lieux et marques \u00e0 chaque point de contact. Contactez-nous.\" \/>\n<meta property=\"og:url\" content=\"https:\/\/studiobanana.com\/fr\/journal\/conception-visuelle\/\" \/>\n<meta property=\"og:site_name\" content=\"Studio Banana Conception\" \/>\n<meta property=\"article:published_time\" content=\"2025-08-04T09:34:12+00:00\" \/>\n<meta property=\"article:modified_time\" content=\"2025-09-01T12:22:04+00:00\" \/>\n<meta name=\"author\" content=\"marina\" \/>\n<meta name=\"twitter:card\" content=\"summary_large_image\" \/>\n<meta name=\"twitter:creator\" content=\"@StudioBanana\" \/>\n<meta name=\"twitter:site\" content=\"@StudioBanana\" \/>\n<meta name=\"twitter:label1\" content=\"Written by\" \/>\n\t<meta name=\"twitter:data1\" content=\"marina\" \/>\n\t<meta name=\"twitter:label2\" content=\"Est. reading time\" \/>\n\t<meta name=\"twitter:data2\" content=\"1 minute\" \/>\n<script type=\"application\/ld+json\" class=\"yoast-schema-graph\">{\"@context\":\"https:\/\/schema.org\",\"@graph\":[{\"@type\":\"Article\",\"@id\":\"https:\/\/studiobanana.com\/fr\/journal\/conception-visuelle\/#article\",\"isPartOf\":{\"@id\":\"https:\/\/studiobanana.com\/fr\/journal\/conception-visuelle\/\"},\"author\":{\"name\":\"marina\",\"@id\":\"https:\/\/studiobanana.com\/fr\/#\/schema\/person\/a4b103fefd478772f82621699a7f6548\"},\"headline\":\"Conception visuelle\",\"datePublished\":\"2025-08-04T09:34:12+00:00\",\"dateModified\":\"2025-09-01T12:22:04+00:00\",\"mainEntityOfPage\":{\"@id\":\"https:\/\/studiobanana.com\/fr\/journal\/conception-visuelle\/\"},\"wordCount\":47,\"commentCount\":0,\"publisher\":{\"@id\":\"https:\/\/studiobanana.com\/fr\/#organization\"},\"articleSection\":[\"Projets\",\"Services\"],\"inLanguage\":\"fr-FR\",\"potentialAction\":[{\"@type\":\"CommentAction\",\"name\":\"Comment\",\"target\":[\"https:\/\/studiobanana.com\/fr\/journal\/conception-visuelle\/#respond\"]}]},{\"@type\":\"WebPage\",\"@id\":\"https:\/\/studiobanana.com\/fr\/journal\/conception-visuelle\/\",\"url\":\"https:\/\/studiobanana.com\/fr\/journal\/conception-visuelle\/\",\"name\":\"Conception visuelle | Studio Banana Conception\",\"isPartOf\":{\"@id\":\"https:\/\/studiobanana.com\/fr\/#website\"},\"datePublished\":\"2025-08-04T09:34:12+00:00\",\"dateModified\":\"2025-09-01T12:22:04+00:00\",\"description\":\"Nous sommes un studio de design qui transforme les id\u00e9es en r\u00e9cits visuels captivants. En combinant strat\u00e9gie de marque, design graphique et communication De l\u2019identit\u00e9 de marque \u00e0 la signal\u00e9tique et aux exp\u00e9riences immersives, nous cr\u00e9ons des syst\u00e8mes de communication visuelle qui connectent personnes, lieux et marques \u00e0 chaque point de contact. Contactez-nous.\",\"breadcrumb\":{\"@id\":\"https:\/\/studiobanana.com\/fr\/journal\/conception-visuelle\/#breadcrumb\"},\"inLanguage\":\"fr-FR\",\"potentialAction\":[{\"@type\":\"ReadAction\",\"target\":[\"https:\/\/studiobanana.com\/fr\/journal\/conception-visuelle\/\"]}]},{\"@type\":\"BreadcrumbList\",\"@id\":\"https:\/\/studiobanana.com\/fr\/journal\/conception-visuelle\/#breadcrumb\",\"itemListElement\":[{\"@type\":\"ListItem\",\"position\":1,\"name\":\"Home\",\"item\":\"https:\/\/studiobanana.com\/fr\/\"},{\"@type\":\"ListItem\",\"position\":2,\"name\":\"Conception visuelle\"}]},{\"@type\":\"WebSite\",\"@id\":\"https:\/\/studiobanana.com\/fr\/#website\",\"url\":\"https:\/\/studiobanana.com\/fr\/\",\"name\":\"Studio Banana Conception\",\"description\":\"Design-driven transformation\",\"publisher\":{\"@id\":\"https:\/\/studiobanana.com\/fr\/#organization\"},\"potentialAction\":[{\"@type\":\"SearchAction\",\"target\":{\"@type\":\"EntryPoint\",\"urlTemplate\":\"https:\/\/studiobanana.com\/fr\/?s={search_term_string}\"},\"query-input\":{\"@type\":\"PropertyValueSpecification\",\"valueRequired\":true,\"valueName\":\"search_term_string\"}}],\"inLanguage\":\"fr-FR\"},{\"@type\":\"Organization\",\"@id\":\"https:\/\/studiobanana.com\/fr\/#organization\",\"name\":\"Studio Banana\",\"alternateName\":\"Agencia de dise\u00f1o en Madrid\",\"url\":\"https:\/\/studiobanana.com\/fr\/\",\"logo\":{\"@type\":\"ImageObject\",\"inLanguage\":\"fr-FR\",\"@id\":\"https:\/\/studiobanana.com\/fr\/#\/schema\/logo\/image\/\",\"url\":\"https:\/\/studiobanana.com\/web23\/wp-content\/uploads\/2025\/05\/1631340413487.jpeg\",\"contentUrl\":\"https:\/\/studiobanana.com\/web23\/wp-content\/uploads\/2025\/05\/1631340413487.jpeg\",\"width\":200,\"height\":200,\"caption\":\"Studio Banana\"},\"image\":{\"@id\":\"https:\/\/studiobanana.com\/fr\/#\/schema\/logo\/image\/\"},\"sameAs\":[\"https:\/\/x.com\/StudioBanana\",\"https:\/\/www.instagram.com\/studiobanana\/\",\"https:\/\/www.linkedin.com\/company\/studio-banana\/\"]},{\"@type\":\"Person\",\"@id\":\"https:\/\/studiobanana.com\/fr\/#\/schema\/person\/a4b103fefd478772f82621699a7f6548\",\"name\":\"marina\",\"image\":{\"@type\":\"ImageObject\",\"inLanguage\":\"fr-FR\",\"@id\":\"https:\/\/studiobanana.com\/fr\/#\/schema\/person\/image\/\",\"url\":\"https:\/\/secure.gravatar.com\/avatar\/d4797c67bdf5ce6dca215502282fa560f36cdca0ae1b59ecebc74f195bc881a4?s=96&d=mm&r=g\",\"contentUrl\":\"https:\/\/secure.gravatar.com\/avatar\/d4797c67bdf5ce6dca215502282fa560f36cdca0ae1b59ecebc74f195bc881a4?s=96&d=mm&r=g\",\"caption\":\"marina\"}}]}<\/script>\n<!-- \/ Yoast SEO plugin. -->","yoast_head_json":{"title":"Conception visuelle | Studio Banana Conception","description":"Nous sommes un studio de design qui transforme les id\u00e9es en r\u00e9cits visuels captivants. En combinant strat\u00e9gie de marque, design graphique et communication De l\u2019identit\u00e9 de marque \u00e0 la signal\u00e9tique et aux exp\u00e9riences immersives, nous cr\u00e9ons des syst\u00e8mes de communication visuelle qui connectent personnes, lieux et marques \u00e0 chaque point de contact. Contactez-nous.","robots":{"index":"index","follow":"follow","max-snippet":"max-snippet:-1","max-image-preview":"max-image-preview:large","max-video-preview":"max-video-preview:-1"},"canonical":"https:\/\/studiobanana.com\/fr\/journal\/conception-visuelle\/","og_locale":"fr_FR","og_type":"article","og_title":"Conception visuelle | Studio Banana Conception","og_description":"Nous sommes un studio de design qui transforme les id\u00e9es en r\u00e9cits visuels captivants. En combinant strat\u00e9gie de marque, design graphique et communication De l\u2019identit\u00e9 de marque \u00e0 la signal\u00e9tique et aux exp\u00e9riences immersives, nous cr\u00e9ons des syst\u00e8mes de communication visuelle qui connectent personnes, lieux et marques \u00e0 chaque point de contact. Contactez-nous.","og_url":"https:\/\/studiobanana.com\/fr\/journal\/conception-visuelle\/","og_site_name":"Studio Banana Conception","article_published_time":"2025-08-04T09:34:12+00:00","article_modified_time":"2025-09-01T12:22:04+00:00","author":"marina","twitter_card":"summary_large_image","twitter_creator":"@StudioBanana","twitter_site":"@StudioBanana","twitter_misc":{"Written by":"marina","Est. reading time":"1 minute"},"schema":{"@context":"https:\/\/schema.org","@graph":[{"@type":"Article","@id":"https:\/\/studiobanana.com\/fr\/journal\/conception-visuelle\/#article","isPartOf":{"@id":"https:\/\/studiobanana.com\/fr\/journal\/conception-visuelle\/"},"author":{"name":"marina","@id":"https:\/\/studiobanana.com\/fr\/#\/schema\/person\/a4b103fefd478772f82621699a7f6548"},"headline":"Conception visuelle","datePublished":"2025-08-04T09:34:12+00:00","dateModified":"2025-09-01T12:22:04+00:00","mainEntityOfPage":{"@id":"https:\/\/studiobanana.com\/fr\/journal\/conception-visuelle\/"},"wordCount":47,"commentCount":0,"publisher":{"@id":"https:\/\/studiobanana.com\/fr\/#organization"},"articleSection":["Projets","Services"],"inLanguage":"fr-FR","potentialAction":[{"@type":"CommentAction","name":"Comment","target":["https:\/\/studiobanana.com\/fr\/journal\/conception-visuelle\/#respond"]}]},{"@type":"WebPage","@id":"https:\/\/studiobanana.com\/fr\/journal\/conception-visuelle\/","url":"https:\/\/studiobanana.com\/fr\/journal\/conception-visuelle\/","name":"Conception visuelle | Studio Banana Conception","isPartOf":{"@id":"https:\/\/studiobanana.com\/fr\/#website"},"datePublished":"2025-08-04T09:34:12+00:00","dateModified":"2025-09-01T12:22:04+00:00","description":"Nous sommes un studio de design qui transforme les id\u00e9es en r\u00e9cits visuels captivants. En combinant strat\u00e9gie de marque, design graphique et communication De l\u2019identit\u00e9 de marque \u00e0 la signal\u00e9tique et aux exp\u00e9riences immersives, nous cr\u00e9ons des syst\u00e8mes de communication visuelle qui connectent personnes, lieux et marques \u00e0 chaque point de contact. Contactez-nous.","breadcrumb":{"@id":"https:\/\/studiobanana.com\/fr\/journal\/conception-visuelle\/#breadcrumb"},"inLanguage":"fr-FR","potentialAction":[{"@type":"ReadAction","target":["https:\/\/studiobanana.com\/fr\/journal\/conception-visuelle\/"]}]},{"@type":"BreadcrumbList","@id":"https:\/\/studiobanana.com\/fr\/journal\/conception-visuelle\/#breadcrumb","itemListElement":[{"@type":"ListItem","position":1,"name":"Home","item":"https:\/\/studiobanana.com\/fr\/"},{"@type":"ListItem","position":2,"name":"Conception visuelle"}]},{"@type":"WebSite","@id":"https:\/\/studiobanana.com\/fr\/#website","url":"https:\/\/studiobanana.com\/fr\/","name":"Studio Banana Conception","description":"Design-driven transformation","publisher":{"@id":"https:\/\/studiobanana.com\/fr\/#organization"},"potentialAction":[{"@type":"SearchAction","target":{"@type":"EntryPoint","urlTemplate":"https:\/\/studiobanana.com\/fr\/?s={search_term_string}"},"query-input":{"@type":"PropertyValueSpecification","valueRequired":true,"valueName":"search_term_string"}}],"inLanguage":"fr-FR"},{"@type":"Organization","@id":"https:\/\/studiobanana.com\/fr\/#organization","name":"Studio Banana","alternateName":"Agencia de dise\u00f1o en Madrid","url":"https:\/\/studiobanana.com\/fr\/","logo":{"@type":"ImageObject","inLanguage":"fr-FR","@id":"https:\/\/studiobanana.com\/fr\/#\/schema\/logo\/image\/","url":"https:\/\/studiobanana.com\/web23\/wp-content\/uploads\/2025\/05\/1631340413487.jpeg","contentUrl":"https:\/\/studiobanana.com\/web23\/wp-content\/uploads\/2025\/05\/1631340413487.jpeg","width":200,"height":200,"caption":"Studio Banana"},"image":{"@id":"https:\/\/studiobanana.com\/fr\/#\/schema\/logo\/image\/"},"sameAs":["https:\/\/x.com\/StudioBanana","https:\/\/www.instagram.com\/studiobanana\/","https:\/\/www.linkedin.com\/company\/studio-banana\/"]},{"@type":"Person","@id":"https:\/\/studiobanana.com\/fr\/#\/schema\/person\/a4b103fefd478772f82621699a7f6548","name":"marina","image":{"@type":"ImageObject","inLanguage":"fr-FR","@id":"https:\/\/studiobanana.com\/fr\/#\/schema\/person\/image\/","url":"https:\/\/secure.gravatar.com\/avatar\/d4797c67bdf5ce6dca215502282fa560f36cdca0ae1b59ecebc74f195bc881a4?s=96&d=mm&r=g","contentUrl":"https:\/\/secure.gravatar.com\/avatar\/d4797c67bdf5ce6dca215502282fa560f36cdca0ae1b59ecebc74f195bc881a4?s=96&d=mm&r=g","caption":"marina"}}]}},"_links":{"self":[{"href":"https:\/\/studiobanana.com\/fr\/wp-json\/wp\/v2\/posts\/21853","targetHints":{"allow":["GET"]}}],"collection":[{"href":"https:\/\/studiobanana.com\/fr\/wp-json\/wp\/v2\/posts"}],"about":[{"href":"https:\/\/studiobanana.com\/fr\/wp-json\/wp\/v2\/types\/post"}],"author":[{"embeddable":true,"href":"https:\/\/studiobanana.com\/fr\/wp-json\/wp\/v2\/users\/23"}],"replies":[{"embeddable":true,"href":"https:\/\/studiobanana.com\/fr\/wp-json\/wp\/v2\/comments?post=21853"}],"version-history":[{"count":2,"href":"https:\/\/studiobanana.com\/fr\/wp-json\/wp\/v2\/posts\/21853\/revisions"}],"predecessor-version":[{"id":21943,"href":"https:\/\/studiobanana.com\/fr\/wp-json\/wp\/v2\/posts\/21853\/revisions\/21943"}],"wp:attachment":[{"href":"https:\/\/studiobanana.com\/fr\/wp-json\/wp\/v2\/media?parent=21853"}],"wp:term":[{"taxonomy":"category","embeddable":true,"href":"https:\/\/studiobanana.com\/fr\/wp-json\/wp\/v2\/categories?post=21853"},{"taxonomy":"post_tag","embeddable":true,"href":"https:\/\/studiobanana.com\/fr\/wp-json\/wp\/v2\/tags?post=21853"}],"curies":[{"name":"wp","href":"https:\/\/api.w.org\/{rel}","templated":true}]}}